{"id":11476,"date":"2025-04-17T10:51:25","date_gmt":"2025-04-17T07:51:25","guid":{"rendered":"https:\/\/kurtoglualuminyum.com\/?p=11476"},"modified":"2026-04-24T14:31:01","modified_gmt":"2026-04-24T11:31:01","slug":"aluminyum-kapi","status":"publish","type":"post","link":"https:\/\/kurtoglualuminyum.com\/tr\/aluminyum-kapi\/","title":{"rendered":"Al\u00fcminyum Kap\u0131"},"content":{"rendered":"\n<p>Hafif, dayan\u0131kl\u0131 ve modern yap\u0131s\u0131yla hem i\u00e7 hem de d\u0131\u015f mek\u00e2nlarda s\u0131kl\u0131kla tercih edilen bir kap\u0131 \u00e7e\u015fididir. <strong>Al\u00fcminyum kap\u0131<\/strong>, genellikle konut, ofis, ma\u011faza, fabrika ve al\u0131\u015fveri\u015f merkezi gibi alanlarda kullan\u0131l\u0131r. Estetik tasar\u0131m\u0131 ve uzun \u00f6mr\u00fcyle yap\u0131lara de\u011fer katar.<\/p>\n\n\n\n<h2 class=\"wp-block-heading\">Al\u00fcminyum Kap\u0131 Avantajlar\u0131 Nelerdir?<\/h2>\n\n\n<div class=\"wp-block-image\">\n<figure class=\"alignleft size-large is-resized\"><img fetchpriority=\"high\" decoding=\"async\" width=\"1024\" height=\"536\" src=\"https:\/\/kurtoglualuminyum.com\/wp-content\/uploads\/2025\/04\/aluminyum-kapi-1-1024x536.jpg\" alt=\"Al\u00fcminyum Kap\u0131\" class=\"wp-image-12541\" style=\"width:383px;height:auto\" srcset=\"https:\/\/kurtoglualuminyum.com\/wp-content\/uploads\/2025\/04\/aluminyum-kapi-1-1024x536.jpg 1024w, https:\/\/kurtoglualuminyum.com\/wp-content\/uploads\/2025\/04\/aluminyum-kapi-1-300x157.jpg 300w, https:\/\/kurtoglualuminyum.com\/wp-content\/uploads\/2025\/04\/aluminyum-kapi-1-768x402.jpg 768w, https:\/\/kurtoglualuminyum.com\/wp-content\/uploads\/2025\/04\/aluminyum-kapi-1-18x9.jpg 18w, https:\/\/kurtoglualuminyum.com\/wp-content\/uploads\/2025\/04\/aluminyum-kapi-1.jpg 1200w\" sizes=\"(max-width: 1024px) 100vw, 1024px\" \/><\/figure>\n<\/div>\n\n\n<p>Modern yap\u0131lar\u0131n vazge\u00e7ilmez unsurlar\u0131ndan biridir. Estetik g\u00f6r\u00fcn\u00fcm\u00fc, dayan\u0131kl\u0131l\u0131\u011f\u0131 ve uzun \u00f6mr\u00fcyle s\u0131k\u00e7a kullan\u0131l\u0131r. Al\u00fcminyumun yap\u0131sal avantajlar\u0131, kap\u0131 sistemlerinde b\u00fcy\u00fck kolayl\u0131k ve konfor sa\u011flar.<\/p>\n\n\n\n<p>Al\u00fcminyum, paslanmaya kar\u015f\u0131 olduk\u00e7a diren\u00e7li bir metaldir. Nemli, s\u0131cak ya da so\u011fuk hava ko\u015fullar\u0131ndan etkilenmeden uzun y\u0131llar kullan\u0131labilir. Bu \u00f6zelli\u011fi sayesinde d\u0131\u015f mek\u00e2nlarda da g\u00fcvenle tercih edilir.<\/p>\n\n\n\n<p>Kap\u0131lar hafif olmas\u0131na ra\u011fmen olduk\u00e7a sa\u011flamd\u0131r. Bu sayede mente\u015fe ve ray sistemlerine binen y\u00fck azal\u0131r ve kullan\u0131m \u00f6mr\u00fc uzar. Dayan\u0131kl\u0131l\u0131k, estetik ve kullan\u0131m kolayl\u0131\u011f\u0131 bir araya geldi\u011finde, uzun \u00f6m\u00fcrl\u00fc ve g\u00fcvenilir bir \u00e7\u00f6z\u00fcm sunan <strong>al\u00fcminyum kap\u0131<\/strong> se\u00e7enekleri \u00f6ne \u00e7\u0131kar. B\u00f6ylece hem i\u00e7 hem de d\u0131\u015f mek\u00e2nlarda kullan\u0131m i\u00e7in ideal bir tercih haline gelir.<\/p>\n\n\n\n<p>Modern ve \u015f\u0131k bir g\u00f6r\u00fcn\u00fcme sahiptir. Farkl\u0131 renk ve doku se\u00e7enekleriyle i\u00e7 ve d\u0131\u015f mek\u00e2n tasar\u0131mlar\u0131na kolayca uyum sa\u011flar. Yal\u0131t\u0131ml\u0131 al\u00fcminyum profillerle \u00fcretilen kap\u0131lar, \u0131s\u0131 kayb\u0131n\u0131 \u00f6nler ve enerji tasarrufu sa\u011flar. Ayn\u0131 zamanda d\u0131\u015f ortam seslerinin i\u00e7eri girmesini azaltarak konforlu bir ya\u015fam alan\u0131 sunar. <\/p>\n\n\n\n<p>Boyanma ya da verniklenme gerektirmez. Temizli\u011fi son derece pratiktir. Nemli bir bezle silinerek kolayca temizlenebilir. Yang\u0131na kar\u015f\u0131 dayan\u0131kl\u0131 olup darbelere kar\u015f\u0131 da y\u00fcksek diren\u00e7 g\u00f6sterir. Bu \u00f6zellikleri sayesinde g\u00fcvenlikte de avantaj sa\u011flar. T\u00fcm bu nedenlerle <strong>al\u00fcminyum kap\u0131<\/strong>, hem fonksiyonel hem de estetik a\u00e7\u0131dan ak\u0131ll\u0131 bir tercihtir.<\/p>\n\n\n\n<h3 class=\"wp-block-heading\">Al\u00fcminyum Kap\u0131 Nerelerde Kullan\u0131l\u0131r?<\/h3>\n\n\n\n<p>Dayan\u0131kl\u0131l\u0131\u011f\u0131, estetik g\u00f6r\u00fcn\u00fcm\u00fc ve bak\u0131m kolayl\u0131\u011f\u0131 sayesinde bir\u00e7ok alanda kullan\u0131l\u0131r. \u0130\u00e7 mek\u00e2nlarda ve d\u0131\u015f cephelerde g\u00fcvenle kullan\u0131l\u0131r. Bu kap\u0131 sistemleri, mimari projelerde i\u015flevselli\u011fi ve \u015f\u0131kl\u0131\u011f\u0131 bir arada sunar.<\/p>\n\n\n\n<p>Apartman giri\u015f kap\u0131lar\u0131, villa d\u0131\u015f kap\u0131lar\u0131 ve teras ge\u00e7i\u015flerinde s\u0131k\u00e7a kullan\u0131l\u0131r. Yal\u0131t\u0131ml\u0131 modeller, hem \u0131s\u0131 hem de ses ge\u00e7i\u015fini engelleyerek konforlu bir ya\u015fam alan\u0131 olu\u015fturur. Ayn\u0131 zamanda estetik g\u00f6r\u00fcn\u00fcm\u00fcyle evin d\u0131\u015f cephesine modern bir hava katar.<\/p>\n\n\n\n<p>\u0130\u015f yerlerinde hem giri\u015f kap\u0131s\u0131 olarak hem de b\u00f6lme sistemlerinde kullan\u0131l\u0131r. Camla entegre al\u00fcminyum \u00e7er\u00e7eveler, ofis i\u00e7i alanlar\u0131 \u015feffaf ve ferah k\u0131lar. Ayr\u0131ca g\u00fcvenlikli kap\u0131lar, kurumsal yap\u0131larda g\u00fcvenli\u011fi art\u0131r\u0131r.<\/p>\n\n\n\n<p>Geni\u015f cam y\u00fczeylerle birlikte ma\u011faza giri\u015flerinde tercih edilir. \u015eeffaf ve zarif tasar\u0131m\u0131 sayesinde vitrin g\u00f6r\u00fcn\u00fcm\u00fcn\u00fc destekler. Otomatik kap\u0131 sistemlerine kolayca entegre edilebilir.<\/p>\n\n\n\n<p>End\u00fcstriyel yap\u0131larda sa\u011flaml\u0131k ve uzun \u00f6m\u00fcrl\u00fc kullan\u0131m a\u00e7\u0131s\u0131ndan avantaj sa\u011flar. B\u00fcy\u00fck ebatlarda \u00fcretilebilir.<\/p>\n\n\n\n<p>Hastane, okul, belediye binalar\u0131 gibi yo\u011fun kullan\u0131ma sahip yap\u0131larda tercih edilir. Yang\u0131na dayan\u0131kl\u0131 modeller sayesinde g\u00fcvenli bir kullan\u0131m sunar. Sonu\u00e7 olarak, <strong>al\u00fcminyum kap\u0131<\/strong>; estetik, g\u00fcvenlik ve dayan\u0131kl\u0131l\u0131\u011f\u0131 bir arada sunan, \u00e7ok y\u00f6nl\u00fc bir kap\u0131 tercihidir.<\/p>\n\n\n\n<h3 class=\"wp-block-heading\">Al\u00fcminyum Kap\u0131 Modelleri Nelerdir?<\/h3>\n\n\n<div class=\"wp-block-image\">\n<figure class=\"alignright size-large is-resized\"><img decoding=\"async\" width=\"1024\" height=\"536\" src=\"https:\/\/kurtoglualuminyum.com\/wp-content\/uploads\/2025\/04\/aluminyum-kapi-2-1-1024x536.jpg\" alt=\"Al\u00fcminyum Kap\u0131\" class=\"wp-image-12542\" style=\"aspect-ratio:1.9105168052041923;width:411px;height:auto\" srcset=\"https:\/\/kurtoglualuminyum.com\/wp-content\/uploads\/2025\/04\/aluminyum-kapi-2-1-1024x536.jpg 1024w, https:\/\/kurtoglualuminyum.com\/wp-content\/uploads\/2025\/04\/aluminyum-kapi-2-1-300x157.jpg 300w, https:\/\/kurtoglualuminyum.com\/wp-content\/uploads\/2025\/04\/aluminyum-kapi-2-1-768x402.jpg 768w, https:\/\/kurtoglualuminyum.com\/wp-content\/uploads\/2025\/04\/aluminyum-kapi-2-1-18x9.jpg 18w, https:\/\/kurtoglualuminyum.com\/wp-content\/uploads\/2025\/04\/aluminyum-kapi-2-1.jpg 1200w\" sizes=\"(max-width: 1024px) 100vw, 1024px\" \/><\/figure>\n<\/div>\n\n\n<p>Hem dayan\u0131kl\u0131l\u0131k hem de estetik a\u00e7\u0131dan avantaj sa\u011flayan modern kap\u0131 \u00e7\u00f6z\u00fcmleri, farkl\u0131 kullan\u0131m alan\u0131 ve ihtiyaca g\u00f6re tasarlan\u0131r. <\/p>\n\n\n\n<p>Fonksiyonellik ve \u015f\u0131kl\u0131\u011f\u0131 bir araya getiren se\u00e7enekler aras\u0131nda \u00f6ne \u00e7\u0131kar ve g\u00fcn\u00fcm\u00fczde bir\u00e7ok alanda tercih edilir. Bu kap\u0131lar, \u00e7e\u015fitli model se\u00e7enekleriyle her zevke ve ihtiyaca hitap eder.<\/p>\n\n\n\n<p>Genellikle balkon, teras ve vitrin alanlar\u0131nda tercih edilen s\u00fcrg\u00fcl\u00fc modeller, yer tasarrufu sa\u011flar. Camla birlikte kullan\u0131ld\u0131\u011f\u0131nda ferah ve modern bir g\u00f6r\u00fcn\u00fcm sunar. Otomatik sistemlerle entegre edilebilir. Klasik kap\u0131 sistemi isteyenler i\u00e7in mente\u015feli kap\u0131lar idealdir. \u0130\u00e7 ve d\u0131\u015f mek\u00e2n giri\u015flerinde kullan\u0131l\u0131r.<\/p>\n\n\n\n<p>Geni\u015f a\u00e7\u0131kl\u0131klar i\u00e7in tasarlanm\u0131\u015f bu sistemler, kafe, restoran gibi alanlarda tercih edilir. A\u00e7\u0131ld\u0131\u011f\u0131nda ortam\u0131 tamamen d\u0131\u015f mek\u00e2na a\u00e7ar, \u015feffafl\u0131k ve geni\u015flik hissi verir.<\/p>\n\n\n\n<p>\u00d6zellikle kamu binalar\u0131, hastaneler ve otopark gibi alanlarda tercih edilen bu kap\u0131lar, y\u00fcksek \u0131s\u0131ya kar\u015f\u0131 dayan\u0131kl\u0131d\u0131r. Yang\u0131n an\u0131nda g\u00fcvenli ge\u00e7i\u015f ve b\u00f6lme sa\u011flar.<\/p>\n\n\n\n<p>Modern mimaride \u00f6ne \u00e7\u0131kan panel kap\u0131lar, d\u00fcz ve sade g\u00f6r\u00fcn\u00fcmleriyle \u015f\u0131k bir alternatif sunar. Renk ve doku se\u00e7enekleriyle dekorasyona uyum sa\u011flar. Her <strong>al\u00fcminyum kap\u0131<\/strong> modeli, kullan\u0131m amac\u0131na g\u00f6re \u00f6zel olarak tasarlanabilir. B\u00f6ylece estetik ve i\u015flevsel \u00e7\u00f6z\u00fcm sa\u011flan\u0131r.<\/p>\n\n\n\n<h3 class=\"wp-block-heading\">Al\u00fcminyum Kap\u0131 Se\u00e7imi Nas\u0131l Yap\u0131l\u0131r?<\/h3>\n\n\n\n<p>Dayan\u0131kl\u0131l\u0131k, estetik ve kullan\u0131m kolayl\u0131\u011f\u0131 kap\u0131 se\u00e7iminde \u00f6nemli avantajlar sunar. Do\u011fru tercih yapmak i\u00e7in kullan\u0131m alan\u0131 ve ihtiyaca uygun kriterler g\u00f6z \u00f6n\u00fcnde bulundurulmal\u0131d\u0131r. Hem i\u00e7 hem de d\u0131\u015f mek\u00e2nlarda farkl\u0131 model, renk ve teknik \u00f6zelliklerle sunulan se\u00e7enekler her ihtiyaca yan\u0131t verir. Bu avantajlar\u0131 bir araya getiren \u00e7\u00f6z\u00fcm ise <strong>al\u00fcminyum kap\u0131<\/strong> olur<\/p>\n\n\n\n<p>\u0130lk olarak kap\u0131n\u0131n nerede kullan\u0131laca\u011f\u0131 belirlenmelidir. D\u0131\u015f cephe, balkon, bah\u00e7e kap\u0131s\u0131 veya i\u00e7 mek\u00e2n ge\u00e7i\u015fleri gibi alanlara g\u00f6re farkl\u0131 modeller tercih edilmelidir. D\u0131\u015f mek\u00e2nlarda kullan\u0131lacak kap\u0131lar\u0131n yal\u0131t\u0131ml\u0131 ve hava ko\u015fullar\u0131na dayan\u0131kl\u0131 olmas\u0131 b\u00fcy\u00fck \u00f6nem ta\u015f\u0131r.<\/p>\n\n\n\n<p>Is\u0131 ve ses yal\u0131t\u0131m\u0131, \u00f6zellikle konut ve ofis kullan\u0131mlar\u0131nda dikkat edilmesi gereken bir fakt\u00f6rd\u00fcr. Is\u0131 yal\u0131t\u0131ml\u0131 profiller sayesinde enerji tasarrufu sa\u011flan\u0131r ve d\u0131\u015f etkenlerden korunma artar.<\/p>\n\n\n\n<p>Farkl\u0131 renk ve kaplama se\u00e7enekleriyle sunulur. Yap\u0131n\u0131n mimarisi ve dekorasyonuna uyum sa\u011flayacak tasar\u0131mlar tercih edilmelidir.<\/p>\n\n\n\n<p>Kap\u0131n\u0131n dayan\u0131kl\u0131l\u0131\u011f\u0131, kilit sistemi ve darbelere kar\u015f\u0131 koruma \u00f6zelli\u011fi, g\u00fcvenli kullan\u0131m a\u00e7\u0131s\u0131ndan \u00f6nemlidir. \u00d6zellikle giri\u015f kap\u0131lar\u0131nda g\u00fcvenlik seviyesi y\u00fcksek modeller tercih edilmelidir.<\/p>\n\n\n\n<p>Se\u00e7ilecek \u00fcr\u00fcn\u00fcn kaliteli malzemeden \u00fcretilmi\u015f olmas\u0131 \u00f6mr\u00fcn\u00fc uzat\u0131r. G\u00fcvenilir markalar\u0131n \u00fcr\u00fcnleri hem garanti s\u00fcresi hem de servis hizmeti a\u00e7\u0131s\u0131ndan avantaj sunar. Do\u011fru se\u00e7imi, uzun vadede konforlu, g\u00fcvenli ve estetik bir kullan\u0131m sa\u011flar.<\/p>\n","protected":false},"excerpt":{"rendered":"<p>Hafif, dayan\u0131kl\u0131 ve modern yap\u0131s\u0131yla hem i\u00e7 hem de d\u0131\u015f mek\u00e2nlarda s\u0131kl\u0131kla tercih edilen bir kap\u0131 \u00e7e\u015fididir. Al\u00fcminyum kap\u0131, genellikle konut, ofis, ma\u011faza, fabrika ve al\u0131\u015fveri\u015f merkezi gibi alanlarda kullan\u0131l\u0131r. Estetik tasar\u0131m\u0131 ve uzun \u00f6mr\u00fcyle yap\u0131lara de\u011fer katar. Al\u00fcminyum Kap\u0131 Avantajlar\u0131 Nelerdir? Modern yap\u0131lar\u0131n vazge\u00e7ilmez unsurlar\u0131ndan biridir. Estetik g\u00f6r\u00fcn\u00fcm\u00fc, dayan\u0131kl\u0131l\u0131\u011f\u0131 ve uzun \u00f6mr\u00fcyle s\u0131k\u00e7a kullan\u0131l\u0131r. [&hellip;]<\/p>\n","protected":false},"author":1,"featured_media":12543,"comment_status":"closed","ping_status":"open","sticky":false,"template":"","format":"standard","meta":{"footnotes":""},"categories":[1],"tags":[],"class_list":["post-11476","post","type-post","status-publish","format-standard","has-post-thumbnail","hentry","category-genel"],"_links":{"self":[{"href":"https:\/\/kurtoglualuminyum.com\/tr\/wp-json\/wp\/v2\/posts\/11476","targetHints":{"allow":["GET"]}}],"collection":[{"href":"https:\/\/kurtoglualuminyum.com\/tr\/wp-json\/wp\/v2\/posts"}],"about":[{"href":"https:\/\/kurtoglualuminyum.com\/tr\/wp-json\/wp\/v2\/types\/post"}],"author":[{"embeddable":true,"href":"https:\/\/kurtoglualuminyum.com\/tr\/wp-json\/wp\/v2\/users\/1"}],"replies":[{"embeddable":true,"href":"https:\/\/kurtoglualuminyum.com\/tr\/wp-json\/wp\/v2\/comments?post=11476"}],"version-history":[{"count":1,"href":"https:\/\/kurtoglualuminyum.com\/tr\/wp-json\/wp\/v2\/posts\/11476\/revisions"}],"predecessor-version":[{"id":12544,"href":"https:\/\/kurtoglualuminyum.com\/tr\/wp-json\/wp\/v2\/posts\/11476\/revisions\/12544"}],"wp:featuredmedia":[{"embeddable":true,"href":"https:\/\/kurtoglualuminyum.com\/tr\/wp-json\/wp\/v2\/media\/12543"}],"wp:attachment":[{"href":"https:\/\/kurtoglualuminyum.com\/tr\/wp-json\/wp\/v2\/media?parent=11476"}],"wp:term":[{"taxonomy":"category","embeddable":true,"href":"https:\/\/kurtoglualuminyum.com\/tr\/wp-json\/wp\/v2\/categories?post=11476"},{"taxonomy":"post_tag","embeddable":true,"href":"https:\/\/kurtoglualuminyum.com\/tr\/wp-json\/wp\/v2\/tags?post=11476"}],"curies":[{"name":"wp","href":"https:\/\/api.w.org\/{rel}","templated":true}]}}